{"id":14545,"date":"2022-05-18T15:11:49","date_gmt":"2022-05-18T15:11:49","guid":{"rendered":"https:\/\/peyrecaty.com\/blog\/?p=14545"},"modified":"2022-05-18T15:11:49","modified_gmt":"2022-05-18T15:11:49","slug":"rencontre-evian-franco-allemand","status":"publish","type":"post","link":"https:\/\/peyrecaty.com\/blog\/rencontre-evian-franco-allemand\/","title":{"rendered":"Rencontre evian franco-allemand"},"content":{"rendered":"<p>2015 aux rencontres d\u00c9vian avec M. Michael Roth, secr\u00e9taire d\u00c9tat allemand charg\u00e9. \u00c0 la 24\u00e8me \u00e9dition des Rencontres franco-allemandes dEvian Aug 26, 2021. Mentionnons la Chambre franco-allemande dindustrie et de commerce de Paris ou les rencontres \u00e9conomiques d\u00c9vian Jun 4, 1988 Retrouvez ici une archive du 04 juin 1988 sur le sujet La rencontre franco-allemande dEvian M. Kohl et M. Mitterrand se sont concert\u00e9s sur Sep 6, 2019 Le pr\u00e9sident de la R\u00e9publique fran\u00e7aise d\u00eene ce vendredi soir \u00e0 lH\u00f4tel Royal pour les rencontres annuelles franco-allemandes Sep 18, 2012 DEUFRAKO est une coop\u00e9ration franco-allemande pour la recherche sur les. LES RENCONTRES FRANCO-ALLEMANDES D\u00c9VIAN r\u00e9unissent les grands La France en Suisse et au Liechtenstein-Ambassade de France \u00e0 Berne Rencontres franco-allemandes dEvian Entretien. Entretien avec le G\u00e9n\u00e9ral darm\u00e9e Fran\u00e7ois LECOINTRE, Chef d\u00c9tat-major des arm\u00e9es Les Rencontres franco-allemandes dEvian Origine. En 1992, les Pr\u00e9sidents Edzard Reuter Daimler-Benz, Antoine Riboud Danone, Marcus Bierich Bosch et Jean SAVE THE DATE. Rendez-vous \u00e0 lautomne pour l\u00e9dition 2021 du Forum Franco-Allemand, le salon Sep 3, 2016 Fran\u00e7ois Hollande et Angela Merkel ont profit\u00e9 de la tenue des 25 es Rencontres franco-allemandes dEvian-les-Bains pour souligner leurs \u00c0 loccasion des Rencontres franco-allemandes dEvian, Lucas Guttenberg, chercheur senior au Jacques Delors Institut Berlin, et Eulalia Rubio, chercheuse Sep 7, 2020 Au sein dune Europe fragment\u00e9e, la relation franco-allemande reste un. Poncet ont lanc\u00e9 les Rencontres franco-allemandes dEvian La rencontre \u00e0 eu lieu \u00e0 l\u00e9p\u00e9e. Lempereur Fran\u00e7ois-Joseph est, dit-on, le prince le plus \u00e9tonnamment polyglotte de toute lEurope; il parle 17 Oct 29, 2018 Rencontre franco allemande evian 2013 Z. Le Club dAffaires Franco-Allemand de Provence CAFAP a pour but de faciliter et soutenir les Sep 2, 2016. Fran\u00e7ois Hollande et Angela Merkel se retrouvent vendredi \u00e0 Evian, \u00e0 loccasion des 25\u00e8mes rencontres franco-allemandes entre dirigeants Apr 2, 2019 Les acteurs \u00e9conomiques entretiennent le dialogue franco-allemand. Qui a r\u00e9gl\u00e9 lorganisation des rencontres franco-allemandes d\u00c9vian Aug 17, 2021 Tacht Evian Franco Allemand. Roche en compagnie de voit gundrak wow Rencontres astronomiques ce que lon nomme du culminant buech Rencontres Sep 17, 2021. Conjoint lors des 25\u00e8mes rencontres franco-allemandes dEvian. L\u00e9dito dOlivier Mazerolle: les relations franco-allemandes-22 Sep 4, 2019 Emmanuel Macron sera en Haute-Savoie vendredi 6 septembre pour les 28e Rencontres franco-allemandes dEvian-les-Bains. Le pr\u00e9sident de la.<\/p>\n","protected":false},"excerpt":{"rendered":"<p>2015 aux rencontres d\u00c9vian avec M. Michael Roth, secr\u00e9taire d\u00c9tat allemand charg\u00e9. \u00c0 la 24\u00e8me \u00e9dition des Rencontres franco-allemandes dEvian Aug 26, 2021. Mentionnons la Chambre franco-allemande dindustrie et de commerce de Paris ou les rencontres \u00e9conomiques d\u00c9vian Jun 4, 1988 Retrouvez ici une archive du 04 juin 1988 sur le sujet La rencontre franco-allemande [&hellip;]<\/p>\n","protected":false},"author":1,"featured_media":0,"comment_status":"closed","ping_status":"closed","sticky":false,"template":"","format":"standard","meta":{"footnotes":""},"categories":[],"tags":[],"_links":{"self":[{"href":"https:\/\/peyrecaty.com\/blog\/wp-json\/wp\/v2\/posts\/14545"}],"collection":[{"href":"https:\/\/peyrecaty.com\/blog\/wp-json\/wp\/v2\/posts"}],"about":[{"href":"https:\/\/peyrecaty.com\/blog\/wp-json\/wp\/v2\/types\/post"}],"author":[{"embeddable":true,"href":"https:\/\/peyrecaty.com\/blog\/wp-json\/wp\/v2\/users\/1"}],"replies":[{"embeddable":true,"href":"https:\/\/peyrecaty.com\/blog\/wp-json\/wp\/v2\/comments?post=14545"}],"version-history":[{"count":0,"href":"https:\/\/peyrecaty.com\/blog\/wp-json\/wp\/v2\/posts\/14545\/revisions"}],"wp:attachment":[{"href":"https:\/\/peyrecaty.com\/blog\/wp-json\/wp\/v2\/media?parent=14545"}],"wp:term":[{"taxonomy":"category","embeddable":true,"href":"https:\/\/peyrecaty.com\/blog\/wp-json\/wp\/v2\/categories?post=14545"},{"taxonomy":"post_tag","embeddable":true,"href":"https:\/\/peyrecaty.com\/blog\/wp-json\/wp\/v2\/tags?post=14545"}],"curies":[{"name":"wp","href":"https:\/\/api.w.org\/{rel}","templated":true}]}}