{"id":14555,"date":"2022-05-18T15:25:10","date_gmt":"2022-05-18T15:25:10","guid":{"rendered":"https:\/\/peyrecaty.com\/blog\/?p=14555"},"modified":"2022-05-18T15:25:10","modified_gmt":"2022-05-18T15:25:10","slug":"rencontrer-cedric-villani","status":"publish","type":"post","link":"https:\/\/peyrecaty.com\/blog\/rencontrer-cedric-villani\/","title":{"rendered":"Rencontrer cedric villani"},"content":{"rendered":"<p>Pour une strat\u00e9gie nationale et europ\u00e9enne C\u00e9dric Villani, Yann Bonnet, Num\u00e9rique et \u00e9cologique, puissent se rencontrer, il est n\u00e9cessaire de confronter Mar 19, 2014 Mardi 18 mars, lensemble des laur\u00e9ats a eu loccasion de visiter lInstitut Henri Poincar\u00e9 \u00e0 Paris et de rencontrer C\u00e9dric Villani D\u00e9bat D\u00e9bat: Le scandale sanitaire du Chlord\u00e9cone; Conf\u00e9rence Rencontre: Peut-on vivre sans se toucher. Conf\u00e9rence Rencontre: 100 grands films de Aug 23, 2012 En ce qui me concerne, lid\u00e9e provient dOlivier Nora. Au cours dune rencontre impromptue, le patron des Editions Grasset ma sugg\u00e9r\u00e9 de Oct 20, 2016 Jai eu la chance dassister \u00e0 une conf\u00e9rence de C\u00e9dric Villani, Il venait rencontrer les \u00e9tudiants de l\u00e9cole dinformatique Epita pour Mar 3, 2021 Dans le cadre de lop\u00e9ration Le Salon \u00e0 la Ferme, la Conf\u00e9d\u00e9ration paysanne a convi\u00e9 les d\u00e9put\u00e9s et s\u00e9nateurs franciliens \u00e0 une May 18, 2019 Rencontre avec C\u00e9dric Villani est un \u00e9v\u00e9nement local du mouvement La R\u00e9publique En Marche. Organis\u00e9 par Anne M. Le samedi 18 mai 2019 \u00e0 Oct 9, 2012 C\u00e9dric Villani, M\u00e9daille Fields 2010 et directeur de lInstitut Henri Poincar\u00e9, revient sur la parution de son livre Th\u00e9or\u00e8me Vivant Jun 18, 2017 Ag\u00e9 de 43 ans, C\u00e9dric Villani avait recueilli 47, 46 des voix au premier tour. Quil a rencontr\u00e9 pour la premi\u00e8re fois en 2013 Jan 26, 2020 Le candidat C\u00e9dric Villani sera re\u00e7u par Emmanuel Macron ce dimanche apr\u00e8s-midi \u00e0 l\u00c9lys\u00e9e Sep 9, 2013. Nous vous invitons \u00e0 rencontrer le professeur C\u00e9dric VILLANI, lors dune conf\u00e9rence citoyenne Film accessible au grand public Audience Jun 11, 2015 Cet ouvrage est une rencontre \u00e0 plusieurs titre, une rencontre entre les deux auteurs, mais aussi la rencontre de ces quatre personnages Rencontre avec un matheux ayant \u00e0 c\u0153ur de simpliquer dans la vie de la cit\u00e9. Math\u00e9maticien et homme politique fran\u00e7ais, C\u00e9dric Villani n\u00e9 en 1973 a \u00e9t\u00e9 By JP Cl\u00e9ro 2014 La transcendance que rencontre le math\u00e9maticien, m\u00eame quand il para\u00eet parler des choses, des ph\u00e9nom\u00e8nes et des \u00e9v\u00e9nements, cest lui-m\u00eame qui la construit par Enseignant-chercheur en math\u00e9matique depuis 2000, et directeur de lInstitut Henri Poincar\u00e9 entre 2009 et 2017, C\u00e9dric Villani est couronn\u00e9 par la M\u00e9daille Des triangles, des gaz et des hommes Conf\u00e9rence de C\u00e9dric Villani au Lyc\u00e9e. Qui permettent une rencontre des trois th\u00e9ories math\u00e9matiques de Boltzmann May 1, 2019 A loccasion de sa visite \u00e0 Toulouse jeudi 25 avril et, ce au lendemain de la validation du projet ANITI Artificial and Natural Mardi 5 Mai 2015. \u00c0 loccasion de la sortie du livre de C\u00e9dric. \u00c0 loccasion de la sortie du livre de C\u00e9dric Villani Les math\u00e9matiques sont la po\u00e9sie 8 days ago C\u00e9dric Villani VillaniCedric December 10, 2021. D\u00e9cision terrible. Si la France et lUE, qui se targuent de prot\u00e9ger les lanceurs May 20, 2019 Lors de cette rencontre, C\u00e9dric Villani reviendra sur les raisons qui lont pouss\u00e9 \u00e0 passer dune vie de scientifique \u00e0 une vie politique Sep 1, 2019 Le duo en campagne a rencontr\u00e9 C\u00e9dric Villani le 29 ao\u00fbt, pour lui offrir en avant-premi\u00e8re louvrage de Gaspard Gantzer intitul\u00e9 Nous.<\/p>\n","protected":false},"excerpt":{"rendered":"<p>Pour une strat\u00e9gie nationale et europ\u00e9enne C\u00e9dric Villani, Yann Bonnet, Num\u00e9rique et \u00e9cologique, puissent se rencontrer, il est n\u00e9cessaire de confronter Mar 19, 2014 Mardi 18 mars, lensemble des laur\u00e9ats a eu loccasion de visiter lInstitut Henri Poincar\u00e9 \u00e0 Paris et de rencontrer C\u00e9dric Villani D\u00e9bat D\u00e9bat: Le scandale sanitaire du Chlord\u00e9cone; Conf\u00e9rence Rencontre: Peut-on [&hellip;]<\/p>\n","protected":false},"author":1,"featured_media":0,"comment_status":"closed","ping_status":"closed","sticky":false,"template":"","format":"standard","meta":{"footnotes":""},"categories":[],"tags":[],"_links":{"self":[{"href":"https:\/\/peyrecaty.com\/blog\/wp-json\/wp\/v2\/posts\/14555"}],"collection":[{"href":"https:\/\/peyrecaty.com\/blog\/wp-json\/wp\/v2\/posts"}],"about":[{"href":"https:\/\/peyrecaty.com\/blog\/wp-json\/wp\/v2\/types\/post"}],"author":[{"embeddable":true,"href":"https:\/\/peyrecaty.com\/blog\/wp-json\/wp\/v2\/users\/1"}],"replies":[{"embeddable":true,"href":"https:\/\/peyrecaty.com\/blog\/wp-json\/wp\/v2\/comments?post=14555"}],"version-history":[{"count":0,"href":"https:\/\/peyrecaty.com\/blog\/wp-json\/wp\/v2\/posts\/14555\/revisions"}],"wp:attachment":[{"href":"https:\/\/peyrecaty.com\/blog\/wp-json\/wp\/v2\/media?parent=14555"}],"wp:term":[{"taxonomy":"category","embeddable":true,"href":"https:\/\/peyrecaty.com\/blog\/wp-json\/wp\/v2\/categories?post=14555"},{"taxonomy":"post_tag","embeddable":true,"href":"https:\/\/peyrecaty.com\/blog\/wp-json\/wp\/v2\/tags?post=14555"}],"curies":[{"name":"wp","href":"https:\/\/api.w.org\/{rel}","templated":true}]}}